{"id":4612,"date":"2022-11-09T16:10:53","date_gmt":"2022-11-09T16:10:53","guid":{"rendered":"http:\/\/tancanhuitzaccionesquehablan.gob.mx\/?p=4612"},"modified":"2022-11-09T16:14:44","modified_gmt":"2022-11-09T16:14:44","slug":"consulta-publica-sobre-la-metologia-del-conteo-de-poblacion-y-vivienda-2025","status":"publish","type":"post","link":"http:\/\/tancanhuitzaccionesquehablan.gob.mx\/?p=4612","title":{"rendered":"Consulta P\u00fablica sobre la Metolog\u00eda del conteo de Poblaci\u00f3n y Vivienda 2025"},"content":{"rendered":"\t\t<div data-elementor-type=\"wp-post\" data-elementor-id=\"4612\" class=\"elementor elementor-4612\">\n\t\t\t\t\t\t<section class=\"elementor-section elementor-top-section elementor-element elementor-element-8f1601f elementor-section-boxed elementor-section-height-default elementor-section-height-default\" data-id=\"8f1601f\" data-element_type=\"section\">\n\t\t\t\t\t\t<div class=\"elementor-container elementor-column-gap-default\">\n\t\t\t\t\t<div class=\"elementor-column elementor-col-100 elementor-top-column elementor-element elementor-element-02c6eee\" data-id=\"02c6eee\" data-element_type=\"column\">\n\t\t\t<div class=\"elementor-widget-wrap elementor-element-populated\">\n\t\t\t\t\t\t<div class=\"elementor-element elementor-element-27e7805 elementor-widget elementor-widget-image\" data-id=\"27e7805\" data-element_type=\"widget\" data-widget_type=\"image.default\">\n\t\t\t\t<div class=\"elementor-widget-container\">\n\t\t\t\t\t\t\t\t\t\t\t\t\t\t\t<img fetchpriority=\"high\" decoding=\"async\" width=\"300\" height=\"169\" src=\"http:\/\/tancanhuitzaccionesquehablan.gob.mx\/wp-content\/uploads\/2022\/11\/inegi-1-300x169.jpg\" class=\"attachment-medium size-medium wp-image-4614\" alt=\"\" srcset=\"http:\/\/tancanhuitzaccionesquehablan.gob.mx\/wp-content\/uploads\/2022\/11\/inegi-1-300x169.jpg 300w, http:\/\/tancanhuitzaccionesquehablan.gob.mx\/wp-content\/uploads\/2022\/11\/inegi-1-1024x576.jpg 1024w, http:\/\/tancanhuitzaccionesquehablan.gob.mx\/wp-content\/uploads\/2022\/11\/inegi-1-768x432.jpg 768w, http:\/\/tancanhuitzaccionesquehablan.gob.mx\/wp-content\/uploads\/2022\/11\/inegi-1.jpg 1280w\" sizes=\"(max-width: 300px) 100vw, 300px\" \/>\t\t\t\t\t\t\t\t\t\t\t\t\t\t\t<\/div>\n\t\t\t\t<\/div>\n\t\t\t\t<div class=\"elementor-element elementor-element-eb4b10c elementor-widget elementor-widget-text-editor\" data-id=\"eb4b10c\" data-element_type=\"widget\" data-widget_type=\"text-editor.default\">\n\t\t\t\t<div class=\"elementor-widget-container\">\n\t\t\t\t\t\t\t\t\t<p><span style=\"background-color: #ffffff; color: #333333; font-family: HelveticaNeue-Light, 'Helvetica Neue Light', 'Helvetica Neue', Helvetica, Arial, 'Lucida Grande', sans-serif; font-size: 14px; text-align: justify;\">Conforme al art\u00edculo 88 de la Ley del Sistema Nacional de Informaci\u00f3n Estad\u00edstica y Geogr\u00e1fica (LSNIEG), que se\u00f1ala: \u201cEl Instituto deber\u00e1 definir las metodolog\u00edas que habr\u00e1n de utilizarse en la realizaci\u00f3n de las Actividades Estad\u00edsticas y Geogr\u00e1ficas, a trav\u00e9s de Internet, antes de su implantaci\u00f3n, a fin de recibir y, en su caso, atender las observaciones que se formulen al efecto\u201d, el Instituto Nacional de Estad\u00edstica y Geograf\u00eda (INEGI) somete a consideraci\u00f3n de la poblaci\u00f3n en general la propuesta metodol\u00f3gica y conceptual para la realizaci\u00f3n del Conteo de Poblaci\u00f3n y Vivienda 2025, espec\u00edficamente los objetivos, tem\u00e1tica y conceptos, tipo de proyecto, forma de captaci\u00f3n de datos, tipo de procesamiento y principales productos para la divulgaci\u00f3n y conservaci\u00f3n de la informaci\u00f3n, a efecto de recabar observaciones y propuestas de todas(os) las(los) interesadas(os) que contribuyan a dar mayor solidez a las Actividades Estad\u00edsticas y Geogr\u00e1ficas de este proyecto estad\u00edstico.<\/span><\/p>\n<p style=\"margin-bottom: 7px; color: #333333; font-family: HelveticaNeue-Light, 'Helvetica Neue Light', 'Helvetica Neue', Helvetica, Arial, 'Lucida Grande', sans-serif; font-size: 14px; font-style: normal; font-weight: 300; text-align: justify; background-color: #ffffff;\">Todas las aportaciones que se reciban del 8 de noviembre al 6 de diciembre de 2022, periodo en que permanecer\u00e1 abierta esta Consulta P\u00fablica, ser\u00e1n analizadas para valorar la factibilidad de su implementaci\u00f3n en el Conteo 2025.<\/p>\n<p style=\"margin-bottom: 7px; color: #333333; font-family: HelveticaNeue-Light, 'Helvetica Neue Light', 'Helvetica Neue', Helvetica, Arial, 'Lucida Grande', sans-serif; font-size: 14px; font-style: normal; font-weight: 300; text-align: justify; background-color: #ffffff;\">Consulta P\u00fablica del Conteo de Poblaci\u00f3n y Vivienda 2025 disponible en:&nbsp;<a href=\"https:\/\/inegi.org.mx\/app\/consultapublica\/?proy=CPV2025\">https:\/\/inegi.org.mx\/app\/consultapublica\/?proy=CPV2025<\/a>, en donde podr\u00e1 tener acceso a la documentaci\u00f3n que acompa\u00f1a a este proyecto estad\u00edstico; asimismo, en caso de tener comentarios u observaciones puede realizar el registro de \u00e9stas.<\/p>\n<p style=\"margin-bottom: 7px; color: #333333; font-family: HelveticaNeue-Light, 'Helvetica Neue Light', 'Helvetica Neue', Helvetica, Arial, 'Lucida Grande', sans-serif; font-size: 14px; font-style: normal; font-weight: 300; text-align: justify; background-color: #ffffff;\">Para el INEGI es fundamental conocer los puntos de vista que las personas pudieran tener respecto a la metodolog\u00eda y el contenido tem\u00e1tico.<\/p>\n<p style=\"margin-bottom: 7px; color: #333333; font-family: HelveticaNeue-Light, 'Helvetica Neue Light', 'Helvetica Neue', Helvetica, Arial, 'Lucida Grande', sans-serif; font-size: 14px; font-style: normal; font-weight: 300; text-align: justify; background-color: #ffffff;\">El INEGI hace una atenta invitaci\u00f3n a participar en este proyecto que permitir\u00e1 actualizar informaci\u00f3n sobre la realidad sociodemogr\u00e1fica y de las viviendas de M\u00e9xico.<\/p>\t\t\t\t\t\t\t\t<\/div>\n\t\t\t\t<\/div>\n\t\t\t\t\t<\/div>\n\t\t<\/div>\n\t\t\t\t\t<\/div>\n\t\t<\/section>\n\t\t\t\t<\/div>\n\t\t","protected":false},"excerpt":{"rendered":"<p>Conforme al art\u00edculo 88 de la Ley del Sistema Nacional de Informaci\u00f3n Estad\u00edstica y Geogr\u00e1fica (LSNIEG), que se\u00f1ala: \u201cEl Instituto deber\u00e1 definir las metodolog\u00edas que habr\u00e1n de utilizarse en la realizaci\u00f3n de las Actividades Estad\u00edsticas y Geogr\u00e1ficas, a trav\u00e9s de Internet, antes de su implantaci\u00f3n, a fin de recibir y, en su caso, atender las [&hellip;]<\/p>\n","protected":false},"author":2,"featured_media":0,"comment_status":"open","ping_status":"open","sticky":false,"template":"","format":"standard","meta":{"site-sidebar-layout":"default","site-content-layout":"","ast-site-content-layout":"default","site-content-style":"default","site-sidebar-style":"default","ast-global-header-display":"","ast-banner-title-visibility":"","ast-main-header-display":"","ast-hfb-above-header-display":"","ast-hfb-below-header-display":"","ast-hfb-mobile-header-display":"","site-post-title":"","ast-breadcrumbs-content":"","ast-featured-img":"","footer-sml-layout":"","ast-disable-related-posts":"","theme-transparent-header-meta":"","adv-header-id-meta":"","stick-header-meta":"","header-above-stick-meta":"","header-main-stick-meta":"","header-below-stick-meta":"","astra-migrate-meta-layouts":"default","ast-page-background-enabled":"default","ast-page-background-meta":{"desktop":{"background-color":"","background-image":"","background-repeat":"repeat","background-position":"center center","background-size":"auto","background-attachment":"scroll","background-type":"","background-media":"","overlay-type":"","overlay-color":"","overlay-opacity":"","overlay-gradient":""},"tablet":{"background-color":"","background-image":"","background-repeat":"repeat","background-position":"center center","background-size":"auto","background-attachment":"scroll","background-type":"","background-media":"","overlay-type":"","overlay-color":"","overlay-opacity":"","overlay-gradient":""},"mobile":{"background-color":"","background-image":"","background-repeat":"repeat","background-position":"center center","background-size":"auto","background-attachment":"scroll","background-type":"","background-media":"","overlay-type":"","overlay-color":"","overlay-opacity":"","overlay-gradient":""}},"ast-content-background-meta":{"desktop":{"background-color":"var(--ast-global-color-5)","background-image":"","background-repeat":"repeat","background-position":"center center","background-size":"auto","background-attachment":"scroll","background-type":"","background-media":"","overlay-type":"","overlay-color":"","overlay-opacity":"","overlay-gradient":""},"tablet":{"background-color":"var(--ast-global-color-5)","background-image":"","background-repeat":"repeat","background-position":"center center","background-size":"auto","background-attachment":"scroll","background-type":"","background-media":"","overlay-type":"","overlay-color":"","overlay-opacity":"","overlay-gradient":""},"mobile":{"background-color":"var(--ast-global-color-5)","background-image":"","background-repeat":"repeat","background-position":"center center","background-size":"auto","background-attachment":"scroll","background-type":"","background-media":"","overlay-type":"","overlay-color":"","overlay-opacity":"","overlay-gradient":""}},"footnotes":""},"categories":[1],"tags":[],"class_list":["post-4612","post","type-post","status-publish","format-standard","hentry","category-sin-categoria"],"_links":{"self":[{"href":"http:\/\/tancanhuitzaccionesquehablan.gob.mx\/index.php?rest_route=\/wp\/v2\/posts\/4612","targetHints":{"allow":["GET"]}}],"collection":[{"href":"http:\/\/tancanhuitzaccionesquehablan.gob.mx\/index.php?rest_route=\/wp\/v2\/posts"}],"about":[{"href":"http:\/\/tancanhuitzaccionesquehablan.gob.mx\/index.php?rest_route=\/wp\/v2\/types\/post"}],"author":[{"embeddable":true,"href":"http:\/\/tancanhuitzaccionesquehablan.gob.mx\/index.php?rest_route=\/wp\/v2\/users\/2"}],"replies":[{"embeddable":true,"href":"http:\/\/tancanhuitzaccionesquehablan.gob.mx\/index.php?rest_route=%2Fwp%2Fv2%2Fcomments&post=4612"}],"version-history":[{"count":7,"href":"http:\/\/tancanhuitzaccionesquehablan.gob.mx\/index.php?rest_route=\/wp\/v2\/posts\/4612\/revisions"}],"predecessor-version":[{"id":4620,"href":"http:\/\/tancanhuitzaccionesquehablan.gob.mx\/index.php?rest_route=\/wp\/v2\/posts\/4612\/revisions\/4620"}],"wp:attachment":[{"href":"http:\/\/tancanhuitzaccionesquehablan.gob.mx\/index.php?rest_route=%2Fwp%2Fv2%2Fmedia&parent=4612"}],"wp:term":[{"taxonomy":"category","embeddable":true,"href":"http:\/\/tancanhuitzaccionesquehablan.gob.mx\/index.php?rest_route=%2Fwp%2Fv2%2Fcategories&post=4612"},{"taxonomy":"post_tag","embeddable":true,"href":"http:\/\/tancanhuitzaccionesquehablan.gob.mx\/index.php?rest_route=%2Fwp%2Fv2%2Ftags&post=4612"}],"curies":[{"name":"wp","href":"https:\/\/api.w.org\/{rel}","templated":true}]}}